{"id":16,"date":"2012-06-03T12:02:36","date_gmt":"2012-06-03T12:02:36","guid":{"rendered":"http:\/\/dieweisenseiten.ch\/wordpress\/?p=16"},"modified":"2012-06-04T09:26:11","modified_gmt":"2012-06-04T09:26:11","slug":"gelander","status":"publish","type":"post","link":"http:\/\/www.werkstattgfeller.ch\/?p=16","title":{"rendered":"Gel\u00e4nder"},"content":{"rendered":"<p>Gel\u00e4nder k\u00f6nnen \u00fcberall verwendet werden. Sind Sie Architekt, Bauherr oder Mieter? W\u00fcnschen Sie eine individuelle Metallkonstruktion? Dann sind Sie bei uns genau richtig. Wir haben bereits verschiedenste Gel\u00e4nder an mehreren Objekten gefertigt und weisen langj\u00e4hrige Erfahrung aus. Mit Ihnen gemeinsam k\u00f6nnen wir Gel\u00e4nder nach Ihren W\u00fcnschen entwerfen, planen und montieren.<\/p>\n<div id='gallery-1' class='gallery galleryid-16 gallery-columns-3 gallery-size-thumbnail'><dl class='gallery-item'>\n\t\t\t<dt class='gallery-icon landscape'>\n\t\t\t\t<a href='http:\/\/www.werkstattgfeller.ch\/?attachment_id=17'><img width=\"150\" height=\"150\" src=\"http:\/\/www.werkstattgfeller.ch\/wp-content\/uploads\/2012\/06\/gelaender1-150x150.jpg\" class=\"attachment-thumbnail size-thumbnail\" alt=\"\" loading=\"lazy\" \/><\/a>\n\t\t\t<\/dt><\/dl><dl class='gallery-item'>\n\t\t\t<dt class='gallery-icon landscape'>\n\t\t\t\t<a href='http:\/\/www.werkstattgfeller.ch\/?attachment_id=18'><img width=\"150\" height=\"150\" src=\"http:\/\/www.werkstattgfeller.ch\/wp-content\/uploads\/2012\/06\/gelaender2-150x150.jpg\" class=\"attachment-thumbnail size-thumbnail\" alt=\"\" loading=\"lazy\" \/><\/a>\n\t\t\t<\/dt><\/dl><dl class='gallery-item'>\n\t\t\t<dt class='gallery-icon landscape'>\n\t\t\t\t<a href='http:\/\/www.werkstattgfeller.ch\/?attachment_id=19'><img width=\"150\" height=\"150\" src=\"http:\/\/www.werkstattgfeller.ch\/wp-content\/uploads\/2012\/06\/gelaender3-150x150.jpg\" class=\"attachment-thumbnail size-thumbnail\" alt=\"\" loading=\"lazy\" \/><\/a>\n\t\t\t<\/dt><\/dl><br style=\"clear: both\" \/><dl class='gallery-item'>\n\t\t\t<dt class='gallery-icon landscape'>\n\t\t\t\t<a href='http:\/\/www.werkstattgfeller.ch\/?attachment_id=20'><img width=\"150\" height=\"150\" src=\"http:\/\/www.werkstattgfeller.ch\/wp-content\/uploads\/2012\/06\/gelaender4-150x150.jpg\" class=\"attachment-thumbnail size-thumbnail\" alt=\"\" loading=\"lazy\" \/><\/a>\n\t\t\t<\/dt><\/dl><dl class='gallery-item'>\n\t\t\t<dt class='gallery-icon landscape'>\n\t\t\t\t<a href='http:\/\/www.werkstattgfeller.ch\/?attachment_id=21'><img width=\"150\" height=\"150\" src=\"http:\/\/www.werkstattgfeller.ch\/wp-content\/uploads\/2012\/06\/gelaender5-150x150.jpg\" class=\"attachment-thumbnail size-thumbnail\" alt=\"\" loading=\"lazy\" \/><\/a>\n\t\t\t<\/dt><\/dl><dl class='gallery-item'>\n\t\t\t<dt class='gallery-icon portrait'>\n\t\t\t\t<a href='http:\/\/www.werkstattgfeller.ch\/?attachment_id=22'><img width=\"150\" height=\"150\" src=\"http:\/\/www.werkstattgfeller.ch\/wp-content\/uploads\/2012\/06\/gelaender6-150x150.jpg\" class=\"attachment-thumbnail size-thumbnail\" alt=\"\" loading=\"lazy\" \/><\/a>\n\t\t\t<\/dt><\/dl><br style=\"clear: both\" \/><dl class='gallery-item'>\n\t\t\t<dt class='gallery-icon portrait'>\n\t\t\t\t<a href='http:\/\/www.werkstattgfeller.ch\/?attachment_id=23'><img width=\"150\" height=\"150\" src=\"http:\/\/www.werkstattgfeller.ch\/wp-content\/uploads\/2012\/06\/gelaender7-150x150.jpg\" class=\"attachment-thumbnail size-thumbnail\" alt=\"\" loading=\"lazy\" \/><\/a>\n\t\t\t<\/dt><\/dl>\n\t\t\t<br style='clear: both' \/>\n\t\t<\/div>\n\n","protected":false},"excerpt":{"rendered":"<p>Gel\u00e4nder k\u00f6nnen \u00fcberall verwendet werden. Sind Sie Architekt, Bauherr oder Mieter? W\u00fcnschen Sie eine individuelle Metallkonstruktion? Dann sind Sie bei uns genau richtig. Wir haben bereits verschiedenste Gel\u00e4nder an mehreren Objekten gefertigt und weisen langj\u00e4hrige Erfahrung aus. Mit Ihnen gemeinsam &hellip; <a href=\"http:\/\/www.werkstattgfeller.ch\/?p=16\">Weiterlesen <span class=\"meta-nav\">&rarr;<\/span><\/a><\/p>\n","protected":false},"author":1,"featured_media":21,"comment_status":"closed","ping_status":"open","sticky":false,"template":"","format":"standard","meta":[],"categories":[3],"tags":[],"_links":{"self":[{"href":"http:\/\/www.werkstattgfeller.ch\/index.php?rest_route=\/wp\/v2\/posts\/16"}],"collection":[{"href":"http:\/\/www.werkstattgfeller.ch\/index.php?rest_route=\/wp\/v2\/posts"}],"about":[{"href":"http:\/\/www.werkstattgfeller.ch\/index.php?rest_route=\/wp\/v2\/types\/post"}],"author":[{"embeddable":true,"href":"http:\/\/www.werkstattgfeller.ch\/index.php?rest_route=\/wp\/v2\/users\/1"}],"replies":[{"embeddable":true,"href":"http:\/\/www.werkstattgfeller.ch\/index.php?rest_route=%2Fwp%2Fv2%2Fcomments&post=16"}],"version-history":[{"count":7,"href":"http:\/\/www.werkstattgfeller.ch\/index.php?rest_route=\/wp\/v2\/posts\/16\/revisions"}],"predecessor-version":[{"id":135,"href":"http:\/\/www.werkstattgfeller.ch\/index.php?rest_route=\/wp\/v2\/posts\/16\/revisions\/135"}],"wp:featuredmedia":[{"embeddable":true,"href":"http:\/\/www.werkstattgfeller.ch\/index.php?rest_route=\/wp\/v2\/media\/21"}],"wp:attachment":[{"href":"http:\/\/www.werkstattgfeller.ch\/index.php?rest_route=%2Fwp%2Fv2%2Fmedia&parent=16"}],"wp:term":[{"taxonomy":"category","embeddable":true,"href":"http:\/\/www.werkstattgfeller.ch\/index.php?rest_route=%2Fwp%2Fv2%2Fcategories&post=16"},{"taxonomy":"post_tag","embeddable":true,"href":"http:\/\/www.werkstattgfeller.ch\/index.php?rest_route=%2Fwp%2Fv2%2Ftags&post=16"}],"curies":[{"name":"wp","href":"https:\/\/api.w.org\/{rel}","templated":true}]}}